{"id":4183,"date":"2025-08-28T05:51:51","date_gmt":"2025-08-28T05:51:51","guid":{"rendered":"https:\/\/www.fondariga.com\/?p=4183"},"modified":"2025-09-13T08:14:22","modified_gmt":"2025-09-13T08:14:22","slug":"espacio-de-arte-y-de-homenaje-a-nuestros-antepasados","status":"publish","type":"post","link":"https:\/\/www.fondariga.com\/es\/espacio-de-arte-y-de-homenaje-a-nuestros-antepasados\/","title":{"rendered":"Espacio de arte y de homenaje a nuestros antepasados"},"content":{"rendered":"<p data-start=\"101\" data-end=\"146\"><strong data-start=\"101\" data-end=\"144\">Espacio de arte y homenaje a la Pages\u00eda<\/strong><\/p>\n<p data-start=\"148\" data-end=\"197\">Un canto a la tierra, un di\u00e1logo con la memoria<\/p>\n<p data-start=\"199\" data-end=\"479\">Os damos la bienvenida a un espacio de arte y silencio, donde la contemplaci\u00f3n se convierte en homenaje.<br data-start=\"303\" data-end=\"306\" \/>Aqu\u00ed nace un proyecto que quiere echar ra\u00edces en el coraz\u00f3n del recuerdo, un tributo a la pages\u00eda, a aquellas manos que sembraron antes de que nosotros pudi\u00e9ramos caminar.<\/p>\n<p data-start=\"481\" data-end=\"770\">Empieza en octubre de 2024, pero arraiga mucho antes \u2014en la vida sencilla, en el ritmo de la naturaleza, en la sabidur\u00eda de quienes han cultivado antes que nosotros.<br data-start=\"646\" data-end=\"649\" \/>Este proyecto es un gesto de gratitud, una llama que mantiene vivo el legado de las generaciones que nos han precedido.<\/p>\n<p data-start=\"772\" data-end=\"933\">El artista Pep Obac ha iniciado este camino creativo, acompa\u00f1ado por la luz delicada del vidrio de Jordi Traveria , reflejo de una mirada transparente y profunda.<\/p>\n<p data-start=\"935\" data-end=\"1181\">Y como s\u00edmbolo de todo ello, un pajar \u2014levantado con cari\u00f1o y sudor\u2014 por Paula, Anna, Maite, Guillem, Joan, Cruanyes, Albert y Esteve en agosto de 2025.<br data-start=\"1087\" data-end=\"1090\" \/>Un monumento vivo, hecho de memoria y futuro, de trabajo compartido y amor por la tierra.<\/p>\n<p data-start=\"1183\" data-end=\"1334\">Si ven\u00eds, en el jard\u00edn bajo la fonda podr\u00e9is ver 4 esculturas que ya forman parte del proyecto y que en los pr\u00f3ximos meses y a\u00f1os iremos completando.<\/p>\n","protected":false},"excerpt":{"rendered":"<p>Espacio de arte y homenaje a la Pages\u00eda Un canto a la tierra, un di\u00e1logo con la memoria Os damos la bienvenida a un espacio de arte y silencio, donde la contemplaci\u00f3n se convierte en homenaje.Aqu\u00ed nace un proyecto que quiere echar ra\u00edces en el coraz\u00f3n del recuerdo, un tributo a la pages\u00eda, a aquellas  [&#8230;]<\/p>\n","protected":false},"author":1,"featured_media":4153,"comment_status":"closed","ping_status":"closed","sticky":false,"template":"","format":"standard","meta":{"footnotes":""},"categories":[8],"tags":[],"class_list":["post-4183","post","type-post","status-publish","format-standard","has-post-thumbnail","hentry","category-sin-categorizar"],"_links":{"self":[{"href":"https:\/\/www.fondariga.com\/es\/wp-json\/wp\/v2\/posts\/4183","targetHints":{"allow":["GET"]}}],"collection":[{"href":"https:\/\/www.fondariga.com\/es\/wp-json\/wp\/v2\/posts"}],"about":[{"href":"https:\/\/www.fondariga.com\/es\/wp-json\/wp\/v2\/types\/post"}],"author":[{"embeddable":true,"href":"https:\/\/www.fondariga.com\/es\/wp-json\/wp\/v2\/users\/1"}],"replies":[{"embeddable":true,"href":"https:\/\/www.fondariga.com\/es\/wp-json\/wp\/v2\/comments?post=4183"}],"version-history":[{"count":2,"href":"https:\/\/www.fondariga.com\/es\/wp-json\/wp\/v2\/posts\/4183\/revisions"}],"predecessor-version":[{"id":4217,"href":"https:\/\/www.fondariga.com\/es\/wp-json\/wp\/v2\/posts\/4183\/revisions\/4217"}],"wp:featuredmedia":[{"embeddable":true,"href":"https:\/\/www.fondariga.com\/es\/wp-json\/wp\/v2\/media\/4153"}],"wp:attachment":[{"href":"https:\/\/www.fondariga.com\/es\/wp-json\/wp\/v2\/media?parent=4183"}],"wp:term":[{"taxonomy":"category","embeddable":true,"href":"https:\/\/www.fondariga.com\/es\/wp-json\/wp\/v2\/categories?post=4183"},{"taxonomy":"post_tag","embeddable":true,"href":"https:\/\/www.fondariga.com\/es\/wp-json\/wp\/v2\/tags?post=4183"}],"curies":[{"name":"wp","href":"https:\/\/api.w.org\/{rel}","templated":true}]}}